{"id":1302,"date":"2022-10-31T12:15:49","date_gmt":"2022-10-31T11:15:49","guid":{"rendered":"http:\/\/www.sf-germany.com\/ressorts\/prawda\/?p=1302"},"modified":"2022-10-27T21:27:27","modified_gmt":"2022-10-27T19:27:27","slug":"die-station-usb-midgard-wie-sehr-am-ende-sind-wir-schon","status":"publish","type":"post","link":"https:\/\/www.sf-germany.com\/ressorts\/prawda\/?p=1302","title":{"rendered":"Die Station USB &#8222;Midgard&#8220; &#8211; wie sehr am Ende sind wir schon?"},"content":{"rendered":"<p><a href=\"https:\/\/www.sf-germany.com\/ressorts\/prawda\/wp-content\/uploads\/2022\/10\/Starbase61.webp\"><img decoding=\"async\" class=\"aligncenter wp-image-1303\" src=\"https:\/\/www.sf-germany.com\/ressorts\/prawda\/wp-content\/uploads\/2022\/10\/Starbase61.webp\" alt=\"\" width=\"300\" height=\"300\" srcset=\"https:\/\/www.sf-germany.com\/ressorts\/prawda\/wp-content\/uploads\/2022\/10\/Starbase61.webp 900w, https:\/\/www.sf-germany.com\/ressorts\/prawda\/wp-content\/uploads\/2022\/10\/Starbase61-300x300.webp 300w, https:\/\/www.sf-germany.com\/ressorts\/prawda\/wp-content\/uploads\/2022\/10\/Starbase61-150x150.webp 150w, https:\/\/www.sf-germany.com\/ressorts\/prawda\/wp-content\/uploads\/2022\/10\/Starbase61-768x768.webp 768w, https:\/\/www.sf-germany.com\/ressorts\/prawda\/wp-content\/uploads\/2022\/10\/Starbase61-36x36.webp 36w, https:\/\/www.sf-germany.com\/ressorts\/prawda\/wp-content\/uploads\/2022\/10\/Starbase61-115x115.webp 115w\" sizes=\"(max-width: 300px) 100vw, 300px\" \/><\/a> <a href=\"https:\/\/www.sf-germany.com\/ressorts\/prawda\/wp-content\/uploads\/2022\/10\/Logo-SB-61.png\"><img decoding=\"async\" class=\"size-full wp-image-1304 alignleft\" src=\"https:\/\/www.sf-germany.com\/ressorts\/prawda\/wp-content\/uploads\/2022\/10\/Logo-SB-61.png\" alt=\"\" width=\"150\" height=\"150\" srcset=\"https:\/\/www.sf-germany.com\/ressorts\/prawda\/wp-content\/uploads\/2022\/10\/Logo-SB-61.png 150w, https:\/\/www.sf-germany.com\/ressorts\/prawda\/wp-content\/uploads\/2022\/10\/Logo-SB-61-36x36.png 36w, https:\/\/www.sf-germany.com\/ressorts\/prawda\/wp-content\/uploads\/2022\/10\/Logo-SB-61-115x115.png 115w\" sizes=\"(max-width: 150px) 100vw, 150px\" \/><\/a><\/p>\n<p>Der Krieg gegen die Klingonen ist leider noch lange nicht vorbei und verschlingt weiterhin unendliche Mengen an Ressourcen. Das merkt man daran, dass weiterhin Material und Personal bei der Sternenflotte knapp ist. Immer h\u00e4ufiger werden alte, eigentlich schon ausgemusterte Aktiva wieder zur\u00fcck in den Dienst \u00fcbernommen. Das gilt f\u00fcr Personal, aber ebenso auch f\u00fcr Materialien wie Raumschiffe und Stationen.<\/p>\n<p>Das j\u00fcngste Beispiel daf\u00fcr ist, wie vom Informationsamt der Sternenflotte bekannt gegeben wurde, die Reaktivierung einer alten, eigentlich schon seit Jahren au\u00dfer Dienst gestellten Raumstation mit dem malerischen Namen Midgard. Midgard geh\u00f6rt zu den alten Stationen vom Typ Watchtower, einem Typ, der im 23. Jahrhundert gebaut wurde und im Grunde ebenso lange \u00fcberholt ist wie die legend\u00e4re Constitution-Klasse des seligen Captain James Kirk. Sicherlich kann man sagen &#8218;oldie but goldie&#8216;, dennoch ist die Reaktivierung solch eines Museumsst\u00fccks ein deutliches Zeichen, wie knapp die Ressourcen f\u00fcr Sternenflotte und F\u00f6deration inzwischen geworden sind.<br \/>\nUnd das gilt eben nicht nur f\u00fcr Material, sondern auch f\u00fcr das Personal. Unbest\u00e4tigten Ger\u00fcchten zufolge besteht das Gros der zuk\u00fcnftigen Besatzung Midgards vor allem aus \u00e4lteren, nicht mehr frontdiensttauglichen Leuten, die, so hei\u00dft es, im Verlauf der Operation Heldenklau aus Lazaretten und dem Ruhestand zusammen gesammelt wurden. Erg\u00e4nzt durch die Jungspunde, die direkt von der Sternenflottenakademie gekommen sind und deren Zensuren f\u00fcr einen Fronteinsatz nicht reichten. Oder, sollte man b\u00f6swilligen Ger\u00fcchten Glauben schenken &#8211; deren reiche oder einflussreiche Eltern daf\u00fcr sorgten, dass Mamis Liebling nicht in unmittelbare Gefahr ger\u00e4t. Ob man sich dabei wohl nicht t\u00e4uscht?<\/p>\n<p>Denn die Kr\u00f6nung dieser Reaktivierung ist der Umstand, dass der Status der Station Midgard nicht einmal wirklich sicher ist. Ich schreibe dieses mit Vorbehalt, doch es gibt Stimmen, die behaupten, diese Station sei nicht einmal mehr im Besitz der Sternenflotte, sondern muss erst aus der Hand von Freisch\u00e4rlern oder Piraten zur\u00fcckerobert werden. Doch wir wollen einmal hoffen, dass dieses Ger\u00fccht nicht den Tatsachen entspricht, sondern nur eine R\u00e4uberpistole ist, um die Fantasie unserer Kinder und Enkel anzuregen.<\/p>\n<p>Sollte da doch etwas Wahres dran sein, werden wir bestimmt davon erfahren. Wir versprechen, dran zu bleiben an dieser ungew\u00f6hnlichen Geschichte.<\/p>\n<p>Ludmilla Patina, freie Redakteurin<\/p>\n","protected":false},"excerpt":{"rendered":"<p>Der Krieg gegen die Klingonen ist leider noch lange nicht vorbei und verschlingt weiterhin unendliche Mengen an Ressourcen. Das merkt man daran, dass weiterhin Material und Personal bei der Sternenflotte knapp ist. Immer h\u00e4ufiger werden alte, eigentlich schon ausgemusterte Aktiva wieder zur\u00fcck in den Dienst \u00fcbernommen. Das gilt f\u00fcr Personal, aber ebenso auch f\u00fcr Materialien [&hellip;]<\/p>\n","protected":false},"author":8,"featured_media":1303,"comment_status":"open","ping_status":"open","sticky":false,"template":"","format":"standard","meta":{"footnotes":""},"categories":[118,71],"tags":[],"class_list":["post-1302","post","type-post","status-publish","format-standard","has-post-thumbnail","hentry","category-usb-midgard","category-von-den-einheiten"],"_links":{"self":[{"href":"https:\/\/www.sf-germany.com\/ressorts\/prawda\/index.php?rest_route=\/wp\/v2\/posts\/1302","targetHints":{"allow":["GET"]}}],"collection":[{"href":"https:\/\/www.sf-germany.com\/ressorts\/prawda\/index.php?rest_route=\/wp\/v2\/posts"}],"about":[{"href":"https:\/\/www.sf-germany.com\/ressorts\/prawda\/index.php?rest_route=\/wp\/v2\/types\/post"}],"author":[{"embeddable":true,"href":"https:\/\/www.sf-germany.com\/ressorts\/prawda\/index.php?rest_route=\/wp\/v2\/users\/8"}],"replies":[{"embeddable":true,"href":"https:\/\/www.sf-germany.com\/ressorts\/prawda\/index.php?rest_route=%2Fwp%2Fv2%2Fcomments&post=1302"}],"version-history":[{"count":1,"href":"https:\/\/www.sf-germany.com\/ressorts\/prawda\/index.php?rest_route=\/wp\/v2\/posts\/1302\/revisions"}],"predecessor-version":[{"id":1305,"href":"https:\/\/www.sf-germany.com\/ressorts\/prawda\/index.php?rest_route=\/wp\/v2\/posts\/1302\/revisions\/1305"}],"wp:featuredmedia":[{"embeddable":true,"href":"https:\/\/www.sf-germany.com\/ressorts\/prawda\/index.php?rest_route=\/wp\/v2\/media\/1303"}],"wp:attachment":[{"href":"https:\/\/www.sf-germany.com\/ressorts\/prawda\/index.php?rest_route=%2Fwp%2Fv2%2Fmedia&parent=1302"}],"wp:term":[{"taxonomy":"category","embeddable":true,"href":"https:\/\/www.sf-germany.com\/ressorts\/prawda\/index.php?rest_route=%2Fwp%2Fv2%2Fcategories&post=1302"},{"taxonomy":"post_tag","embeddable":true,"href":"https:\/\/www.sf-germany.com\/ressorts\/prawda\/index.php?rest_route=%2Fwp%2Fv2%2Ftags&post=1302"}],"curies":[{"name":"wp","href":"https:\/\/api.w.org\/{rel}","templated":true}]}}