{"id":1412,"date":"2023-04-09T12:20:15","date_gmt":"2023-04-09T10:20:15","guid":{"rendered":"https:\/\/www.sf-germany.com\/ressorts\/prawda\/?p=1412"},"modified":"2023-04-09T10:37:18","modified_gmt":"2023-04-09T08:37:18","slug":"naval-news-5","status":"publish","type":"post","link":"https:\/\/www.sf-germany.com\/ressorts\/prawda\/?p=1412","title":{"rendered":"Naval News"},"content":{"rendered":"<p><a href=\"https:\/\/www.sf-germany.com\/ressorts\/prawda\/wp-content\/uploads\/2012\/04\/fkom-logo.jpg\"><img decoding=\"async\" class=\"aligncenter size-full wp-image-384\" src=\"https:\/\/www.sf-germany.com\/ressorts\/prawda\/wp-content\/uploads\/2012\/04\/fkom-logo.jpg\" alt=\"\" width=\"165\" height=\"139\" \/><\/a><\/p>\n<p>Sehr geehrte Leserinnen und Leser der Prawda,<br \/>\nwie gewohnt folgen nun die Naval News.<\/p>\n<p><strong><span style=\"font-size: 14pt;\">Akademieabschl\u00fcsse und Wiedereintritte<\/span><\/strong><br \/>\nFolgende Personen haben die Akademie abschlossen oder kamen in die Sternenflotte zur\u00fcck und wurden auf eine Einheit versetzt.<br \/>\nHerzliches Willkommen (zur\u00fcck) im aktiven Dienst!<\/p>\n<ul>\n<li>Ens. Merzid Tulur -&gt; CM (USS Artemis)<\/li>\n<\/ul>\n<p>&nbsp;<\/p>\n<p><strong><span style=\"font-size: 14pt;\">Externe Postenwechsel<\/span><\/strong><br \/>\nFolgende Personen wurden auf eine andere Einheit und ggf. auch auf einen anderen Posten dort versetzt:<\/p>\n<ul>\n<li>Ens. Spirox -&gt; CWI (USB Midgard)<\/li>\n<li>Corp. John Geary -&gt; Marine (USB Midgard)<\/li>\n<li>Lt.(jg) Sharika Reen Reen -&gt; stlv OPS (USS Artemis)<\/li>\n<li>Lt.(jg) Ninaxtivk -&gt; TO (USB Midgard)<\/li>\n<li>CPO. Jynah Ros -&gt; Tech (USS Artemis)<\/li>\n<\/ul>\n<p><strong><span style=\"font-size: 14pt;\"><br \/>\nInterne Postenwechsel<\/span><\/strong><br \/>\nFolgende Personen haben innerhalb des letzten Monats innerhalb ihrer Einheit den Posten gewechselt:<\/p>\n<ul>\n<li>Lt. Elin Lysgaard &#8211; stlv CING -&gt; 2O\/TO (USS Artemis)<\/li>\n<\/ul>\n<p><span style=\"font-size: 14pt;\"><strong>Bef\u00f6rderungen \/ Auszeichnungen<\/strong><\/span><br \/>\nFolgende Personen haben sich durch besondere Taten ausgezeichnet oder wurden bef\u00f6rdert:<\/p>\n<ul>\n<li>LtCmdr. Ewa Natasza Zofia Zima -&gt; Cmdr. (USS Galathea)<\/li>\n<li>Ens. Trarkash Sicherheitsoffizier -&gt; Lt.(jg) (USS Galathea)<\/li>\n<li>Ens. Grwydro Aru -&gt; Lt.(jg) (USS Galathea)<\/li>\n<li>Cmdr. Ewa Zima (USS Galathea) &#8211; Bronzestern der Sternenflotte<\/li>\n<li>Lt. jg. Sergej Borisowitsch Medvedev (USS Galathea) &#8211; Bronzestern der Sternenflotte<\/li>\n<li>Lt. jg. Srivani Mukherjee (USS Galathea) &#8211; Kleines Forschungs-Kreuz am Gr\u00fcnen Band der F\u00f6deration<\/li>\n<li>Glen Yael Hadar (USS Galathea) &#8211; Kleines Forschungs-Kreuz am Gr\u00fcnen Band der F\u00f6deration<\/li>\n<\/ul>\n<p><span style=\"font-size: 10pt; color: #ff0000;\"><strong><em>Nachtrag:<\/em><\/strong><\/span><br \/>\n<span style=\"font-size: 10pt; color: #ff0000;\"><strong><em>F\u00fcr Informationen zu den im Krieg Gefallenen oder Vermissten stellt das Flottenkommando entsprechende Listen zur Verf\u00fcgung die dort angefordert werden k\u00f6nnen.<\/em><\/strong><\/span><\/p>\n","protected":false},"excerpt":{"rendered":"<p>Sehr geehrte Leserinnen und Leser der Prawda, wie gewohnt folgen nun die Naval News. Akademieabschl\u00fcsse und Wiedereintritte Folgende Personen haben die Akademie abschlossen oder kamen in die Sternenflotte zur\u00fcck und wurden auf eine Einheit versetzt. Herzliches Willkommen (zur\u00fcck) im aktiven Dienst! Ens. Merzid Tulur -&gt; CM (USS Artemis) &nbsp; Externe Postenwechsel Folgende Personen wurden auf [&hellip;]<\/p>\n","protected":false},"author":8,"featured_media":807,"comment_status":"open","ping_status":"open","sticky":false,"template":"","format":"standard","meta":{"footnotes":""},"categories":[4,6,71],"tags":[],"class_list":["post-1412","post","type-post","status-publish","format-standard","has-post-thumbnail","hentry","category-ressorts","category-fkom","category-von-den-einheiten"],"_links":{"self":[{"href":"https:\/\/www.sf-germany.com\/ressorts\/prawda\/index.php?rest_route=\/wp\/v2\/posts\/1412","targetHints":{"allow":["GET"]}}],"collection":[{"href":"https:\/\/www.sf-germany.com\/ressorts\/prawda\/index.php?rest_route=\/wp\/v2\/posts"}],"about":[{"href":"https:\/\/www.sf-germany.com\/ressorts\/prawda\/index.php?rest_route=\/wp\/v2\/types\/post"}],"author":[{"embeddable":true,"href":"https:\/\/www.sf-germany.com\/ressorts\/prawda\/index.php?rest_route=\/wp\/v2\/users\/8"}],"replies":[{"embeddable":true,"href":"https:\/\/www.sf-germany.com\/ressorts\/prawda\/index.php?rest_route=%2Fwp%2Fv2%2Fcomments&post=1412"}],"version-history":[{"count":1,"href":"https:\/\/www.sf-germany.com\/ressorts\/prawda\/index.php?rest_route=\/wp\/v2\/posts\/1412\/revisions"}],"predecessor-version":[{"id":1413,"href":"https:\/\/www.sf-germany.com\/ressorts\/prawda\/index.php?rest_route=\/wp\/v2\/posts\/1412\/revisions\/1413"}],"wp:featuredmedia":[{"embeddable":true,"href":"https:\/\/www.sf-germany.com\/ressorts\/prawda\/index.php?rest_route=\/wp\/v2\/media\/807"}],"wp:attachment":[{"href":"https:\/\/www.sf-germany.com\/ressorts\/prawda\/index.php?rest_route=%2Fwp%2Fv2%2Fmedia&parent=1412"}],"wp:term":[{"taxonomy":"category","embeddable":true,"href":"https:\/\/www.sf-germany.com\/ressorts\/prawda\/index.php?rest_route=%2Fwp%2Fv2%2Fcategories&post=1412"},{"taxonomy":"post_tag","embeddable":true,"href":"https:\/\/www.sf-germany.com\/ressorts\/prawda\/index.php?rest_route=%2Fwp%2Fv2%2Ftags&post=1412"}],"curies":[{"name":"wp","href":"https:\/\/api.w.org\/{rel}","templated":true}]}}