{"id":1567,"date":"2024-01-01T12:40:16","date_gmt":"2024-01-01T11:40:16","guid":{"rendered":"https:\/\/www.sf-germany.com\/ressorts\/prawda\/?p=1567"},"modified":"2023-12-31T15:53:06","modified_gmt":"2023-12-31T14:53:06","slug":"u-s-s-artemis-neuer-erster-offizier-ltcmdr-samsaan","status":"publish","type":"post","link":"https:\/\/www.sf-germany.com\/ressorts\/prawda\/?p=1567","title":{"rendered":"U.S.S. Artemis &#8211; neuer erster Offizier: LtCmdr. Samsaan"},"content":{"rendered":"<p><a href=\"https:\/\/www.sf-germany.com\/ressorts\/prawda\/wp-content\/uploads\/2023\/12\/Samsaan_final-1.png\"><img decoding=\"async\" class=\"aligncenter wp-image-1568\" src=\"https:\/\/www.sf-germany.com\/ressorts\/prawda\/wp-content\/uploads\/2023\/12\/Samsaan_final-1.png\" alt=\"\" width=\"300\" height=\"344\" srcset=\"https:\/\/www.sf-germany.com\/ressorts\/prawda\/wp-content\/uploads\/2023\/12\/Samsaan_final-1.png 1785w, https:\/\/www.sf-germany.com\/ressorts\/prawda\/wp-content\/uploads\/2023\/12\/Samsaan_final-1-261x300.png 261w, https:\/\/www.sf-germany.com\/ressorts\/prawda\/wp-content\/uploads\/2023\/12\/Samsaan_final-1-893x1024.png 893w, https:\/\/www.sf-germany.com\/ressorts\/prawda\/wp-content\/uploads\/2023\/12\/Samsaan_final-1-768x881.png 768w, https:\/\/www.sf-germany.com\/ressorts\/prawda\/wp-content\/uploads\/2023\/12\/Samsaan_final-1-1339x1536.png 1339w\" sizes=\"(max-width: 300px) 100vw, 300px\" \/><\/a><\/p>\n<p>Liebe Leser, es gibt so einige Ver\u00e4nderungen auf der USS Artemis und nat\u00fcrlich berichte ich Ihnen weiter von Bord.<br \/>\nEine dieser Ver\u00e4nderung betrifft die Position des ersten Offizieres, den ich f\u00fcr ein Interview erreichen konnte.<\/p>\n<p>Vielen Dank, Commander!<\/p>\n<p>&nbsp;<\/p>\n<p><strong>Mart Fionn: <\/strong>Guten Morgen, Commander Samsaan, ich hoffe ich st\u00f6re Sie nicht und bitte um Verzeihung f\u00fcr diesen &#8218;\u00dcberfall&#8216;.<br \/>\nMein Name ist Mart Fionn, ich bin Reporter der Federation Prawda und w\u00fcrde Sie gern um ein Interview bitten, falls Sie einen kurzen Moment Ihrer wertvollen Zeit f\u00fcr mich er\u00fcbrigen k\u00f6nnten.<\/p>\n<p>&nbsp;<\/p>\n<p><strong>Lt.Cmdr. Samsaan: <\/strong>Guten Morgen. Was kann ich f\u00fcr Sie tun?<\/p>\n<p>&nbsp;<\/p>\n<p><strong>MF:<\/strong> Ich w\u00fcrde Sie gern unseren Lesern vorstellen. Ein Caitianer, der auf der Erde in Tel Aviv aufwuchs, dort auch die Schule besuchte und seine Jugend verbrachte, um dann in Kairo die Akademie der Sternenflotte zu besuchen.<br \/>\nErste Verwendung in der Flotte auf der USS Geoffrey als Sicherheitsoffizier, dann Versetzung zum diplomatischen Corps. Es folgen T\u00e4tigkeiten im diplomatischen Dienst sowohl auf der Erde, als auch im Dienst auf der USS Aurora.<br \/>\nIn den letzten sechs Jahren dann auf der USS Lawrence, Bef\u00f6rderung erst zum zweiten, dann zum ersten Offizier. Nach schwerer Besch\u00e4digung der Lawrence im Krieg mit den Klingonen wurden Sie nun auf unser Schiff versetzt als erster Offizier. So habe ich in etwa Ihren Weg verfolgen k\u00f6nnen. M\u00f6chten Sie noch etwas erg\u00e4nzen? Gibt es einschneidende Punkte, die Sie gern hervorgehoben h\u00e4tten?<\/p>\n<p><strong>S:<\/strong> Nein, Sie sind offensichtlich bestens informiert. Wenn sie sagen, ich w\u00e4re auf &#8222;unser&#8220; Schiff versetzt worden&#8230; sind Sie an Bord der Artemis. Korrekt?<\/p>\n<p><strong>MF:<\/strong> Nat\u00fcrlich, ich berichte ja von Bord. Danke sch\u00f6n. Sie sind als Ersatz f\u00fcr Commander Alizadeh an Bord gekommen, haben Sie die fr\u00fchere erste Offizierin kennenlernen k\u00f6nnen?<\/p>\n<p><strong>S:<\/strong> Selbstverst\u00e4ndlich.<\/p>\n<p><strong>MF:<\/strong> Jeder Offizier hat seine eigenen Vorstellungen und auch dies ist eine St\u00e4rke der Sternenflotte, dass sie den eigenen Stil der Offiziere f\u00f6rdert und die Verschiedenartigkeit der Offiziere als etwas Gutes ansieht. Was denken Sie, worin sich Ihr Stil am meisten gegen\u00fcber dem ihrer Vorg\u00e4ngerin unterscheidet?<\/p>\n<p><strong>S:<\/strong> Da ich nicht unter Commander Alizadeh dienen durfte, kann ich diese Frage nicht beantworten.<\/p>\n<p><strong>MF:<\/strong> Sehr schade.<br \/>\nSie arbeiten am engsten mit dem Captain zusammen, Gaspar Toussaint ist als vorsichtiger, aber gewiefter und geschickter Taktiker bekannt, der lieber auf Diplomatie als auf Konfrontation setzt, aber letztendlich auch nicht vor einem Kampf zur\u00fcckschreckt. Sie selbst waren lange im diplomatischen Corps t\u00e4tig. Es scheint, als Team w\u00fcrden Sie sich gut erg\u00e4nzen. Wie sieht Ihre bisherige Zusammenarbeit aus? Konnten Sie sich miteinander vertraut machen, passte es sozusagen auf Anhieb, oder wird es noch einige Zeit dauern, bevor Sie sich aufeinander eingestellt haben?<\/p>\n<p><strong>S:<\/strong> Es w\u00fcrde weder dem Captain noch unserer beruflichen Zusammenarbeit Gen\u00fcge tun, wenn ich diese Frage nach nur wenigen Stunden an Bord bereits beantworten k\u00f6nnte.<\/p>\n<p><strong>MF:<\/strong> Wie sehen Sie ihre Stellung innerhalb der Mannschaft? Sind Sie Vermittler zwischen Crew und Captain? Welche Aufgabengebiete oder vielmehr, welche Aufgabenteilung denken Sie mit dem Captain abzustimmen?<\/p>\n<p><strong>S:<\/strong> Als Erster Offizier liegen meine Aufgabenbereiche in der Unterst\u00fctzung des Captains bei der Leitung der Mannschaft und der Verwaltung des Schiffs. Mein Fokus liegt darauf, die Abl\u00e4ufe an Bord zu koordinieren, die Befehle des Captains umzusetzen und sicherzustellen, dass die gesamte Crew effizient arbeitet. Die Abstimmung mit dem Captain bezieht sich auf alle Aspekte der Schiffsf\u00fchrung, von taktischen Entscheidungen bis hin zu personellen Angelegenheiten. Ich fungiere als eine Art rechte Hand des Captains und unterst\u00fctze ihn dabei, unsere Missionen erfolgreich zu gestalten.<\/p>\n<p><strong>MF:<\/strong> Dann nur noch ein paar kurze Dinge: Lieber Holodeck oder Arboretum?<\/p>\n<p><strong>S:<\/strong> Holodeck.<\/p>\n<p><strong>MF:<\/strong> Lieber Bar oder Messe?<\/p>\n<p><strong>S:<\/strong> Je nach dem.<\/p>\n<p><strong>MF:<\/strong> Wir haben an Bord Offiziere mit einigen interessanten Hobbys. Einige treiben Sport andere machen Musik oder bet\u00e4tigen sich k\u00fcnstlerisch. Bei was kann man Sie in der Freizeit antreffen?<\/p>\n<p><strong>S:<\/strong> Sie finden mich, zum Beispiel heute Abend, beim Paragliding von den Girellianischen Anfor-Klippen, auf dem Holodeck. Schauen Sie doch vorbei!<\/p>\n<p><strong>MF:<\/strong> Leider bin ich heute Abend schon anderweitig verpflichtet. Ich danke Ihnen herzlich f\u00fcr das Interview und hoffe, Ihnen nicht zur Last gefallen zu sein. Vielen lieben Dank.<\/p>\n<p>&nbsp;<\/p>\n<p>Mit freundlichem Gru\u00df von der U.S.S. Artemis,<\/p>\n<p>Ihr<\/p>\n<p><em>Mart Fionn<\/em><\/p>\n","protected":false},"excerpt":{"rendered":"<p>Liebe Leser, es gibt so einige Ver\u00e4nderungen auf der USS Artemis und nat\u00fcrlich berichte ich Ihnen weiter von Bord. Eine dieser Ver\u00e4nderung betrifft die Position des ersten Offizieres, den ich f\u00fcr ein Interview erreichen konnte. Vielen Dank, Commander! &nbsp; Mart Fionn: Guten Morgen, Commander Samsaan, ich hoffe ich st\u00f6re Sie nicht und bitte um Verzeihung [&hellip;]<\/p>\n","protected":false},"author":8,"featured_media":1568,"comment_status":"open","ping_status":"open","sticky":false,"template":"","format":"standard","meta":{"footnotes":""},"categories":[119,71],"tags":[],"class_list":["post-1567","post","type-post","status-publish","format-standard","has-post-thumbnail","hentry","category-uss-artemis","category-von-den-einheiten"],"_links":{"self":[{"href":"https:\/\/www.sf-germany.com\/ressorts\/prawda\/index.php?rest_route=\/wp\/v2\/posts\/1567","targetHints":{"allow":["GET"]}}],"collection":[{"href":"https:\/\/www.sf-germany.com\/ressorts\/prawda\/index.php?rest_route=\/wp\/v2\/posts"}],"about":[{"href":"https:\/\/www.sf-germany.com\/ressorts\/prawda\/index.php?rest_route=\/wp\/v2\/types\/post"}],"author":[{"embeddable":true,"href":"https:\/\/www.sf-germany.com\/ressorts\/prawda\/index.php?rest_route=\/wp\/v2\/users\/8"}],"replies":[{"embeddable":true,"href":"https:\/\/www.sf-germany.com\/ressorts\/prawda\/index.php?rest_route=%2Fwp%2Fv2%2Fcomments&post=1567"}],"version-history":[{"count":1,"href":"https:\/\/www.sf-germany.com\/ressorts\/prawda\/index.php?rest_route=\/wp\/v2\/posts\/1567\/revisions"}],"predecessor-version":[{"id":1569,"href":"https:\/\/www.sf-germany.com\/ressorts\/prawda\/index.php?rest_route=\/wp\/v2\/posts\/1567\/revisions\/1569"}],"wp:featuredmedia":[{"embeddable":true,"href":"https:\/\/www.sf-germany.com\/ressorts\/prawda\/index.php?rest_route=\/wp\/v2\/media\/1568"}],"wp:attachment":[{"href":"https:\/\/www.sf-germany.com\/ressorts\/prawda\/index.php?rest_route=%2Fwp%2Fv2%2Fmedia&parent=1567"}],"wp:term":[{"taxonomy":"category","embeddable":true,"href":"https:\/\/www.sf-germany.com\/ressorts\/prawda\/index.php?rest_route=%2Fwp%2Fv2%2Fcategories&post=1567"},{"taxonomy":"post_tag","embeddable":true,"href":"https:\/\/www.sf-germany.com\/ressorts\/prawda\/index.php?rest_route=%2Fwp%2Fv2%2Ftags&post=1567"}],"curies":[{"name":"wp","href":"https:\/\/api.w.org\/{rel}","templated":true}]}}