{"id":1589,"date":"2024-03-31T12:05:24","date_gmt":"2024-03-31T10:05:24","guid":{"rendered":"https:\/\/www.sf-germany.com\/ressorts\/prawda\/?p=1589"},"modified":"2024-03-29T11:05:31","modified_gmt":"2024-03-29T10:05:31","slug":"usb-midgard-konzerntreffen","status":"publish","type":"post","link":"https:\/\/www.sf-germany.com\/ressorts\/prawda\/?p=1589","title":{"rendered":"USB Midgard &#8211; Konzerntreffen?"},"content":{"rendered":"<p><a href=\"https:\/\/www.sf-germany.com\/ressorts\/prawda\/wp-content\/uploads\/2024\/03\/technology-6701504_1280.jpg\"><img decoding=\"async\" class=\"aligncenter wp-image-1590\" src=\"https:\/\/www.sf-germany.com\/ressorts\/prawda\/wp-content\/uploads\/2024\/03\/technology-6701504_1280.jpg\" alt=\"\" width=\"300\" height=\"200\" srcset=\"https:\/\/www.sf-germany.com\/ressorts\/prawda\/wp-content\/uploads\/2024\/03\/technology-6701504_1280.jpg 1280w, https:\/\/www.sf-germany.com\/ressorts\/prawda\/wp-content\/uploads\/2024\/03\/technology-6701504_1280-300x200.jpg 300w, https:\/\/www.sf-germany.com\/ressorts\/prawda\/wp-content\/uploads\/2024\/03\/technology-6701504_1280-1024x682.jpg 1024w, https:\/\/www.sf-germany.com\/ressorts\/prawda\/wp-content\/uploads\/2024\/03\/technology-6701504_1280-768x512.jpg 768w\" sizes=\"(max-width: 300px) 100vw, 300px\" \/><\/a><\/p>\n<p>Es scheint, dass sich verschiedenste Konzerne auf der Raumstation ein Stelldichein geben.<br \/>\nDie sylenische Jade-Familie mit verschiedenen Vertretern ihres Konzernes haben wir schon h\u00e4ufiger beobachten k\u00f6nnen, ist mit Tamara Jade doch eine Konzerntochter auch gleichzeitig taktische Offizierin der Raumstation.<\/p>\n<p>Der leitende Manager Pierre Jade fand sich nun jedoch ebenfalls auf Midgard ein, sowie die Inhaberin und Leiterin des betazoidischen Tusk-Konzernes h\u00f6chstpers\u00f6nlich, deren Enkelin die Sicherheitschefin der Raumstation ist.<\/p>\n<p>Doch damit nicht genug, gibt es ein Projekt eines Firmenkonglomerates aus Quantum und K-Industries, die ebenfalls hochrangige Vertreter geschickt haben, um die Raumstation aufzur\u00fcsten und zu modernisieren.<\/p>\n<p>Beide Firmen sind seit Jahrzehnten Ausr\u00fcster der Sternenflotte der F\u00f6deration. Doch auch dies ist noch nicht das Ende des Konzerninteresses an dieser Station.<br \/>\nVor kurzem legte eine Yacht eines weiteren Konzernes sylenischer Herkunft an, das Privatschiff von Aniyah Al Awhari. Der Al Awhari Konzern geh\u00f6rt zu den gro\u00dfen vier Sylenes.<\/p>\n<p>All dies l\u00e4sst Schl\u00fcsse auf zuk\u00fcnftige Gesch\u00e4fte, Rohstoff-F\u00f6rderung und den Ausbau der Infrastruktur des Sektors zu.<\/p>\n","protected":false},"excerpt":{"rendered":"<p>Es scheint, dass sich verschiedenste Konzerne auf der Raumstation ein Stelldichein geben. Die sylenische Jade-Familie mit verschiedenen Vertretern ihres Konzernes haben wir schon h\u00e4ufiger beobachten k\u00f6nnen, ist mit Tamara Jade doch eine Konzerntochter auch gleichzeitig taktische Offizierin der Raumstation. Der leitende Manager Pierre Jade fand sich nun jedoch ebenfalls auf Midgard ein, sowie die Inhaberin [&hellip;]<\/p>\n","protected":false},"author":8,"featured_media":1590,"comment_status":"open","ping_status":"open","sticky":false,"template":"","format":"standard","meta":{"footnotes":""},"categories":[118,71],"tags":[],"class_list":["post-1589","post","type-post","status-publish","format-standard","has-post-thumbnail","hentry","category-usb-midgard","category-von-den-einheiten"],"_links":{"self":[{"href":"https:\/\/www.sf-germany.com\/ressorts\/prawda\/index.php?rest_route=\/wp\/v2\/posts\/1589","targetHints":{"allow":["GET"]}}],"collection":[{"href":"https:\/\/www.sf-germany.com\/ressorts\/prawda\/index.php?rest_route=\/wp\/v2\/posts"}],"about":[{"href":"https:\/\/www.sf-germany.com\/ressorts\/prawda\/index.php?rest_route=\/wp\/v2\/types\/post"}],"author":[{"embeddable":true,"href":"https:\/\/www.sf-germany.com\/ressorts\/prawda\/index.php?rest_route=\/wp\/v2\/users\/8"}],"replies":[{"embeddable":true,"href":"https:\/\/www.sf-germany.com\/ressorts\/prawda\/index.php?rest_route=%2Fwp%2Fv2%2Fcomments&post=1589"}],"version-history":[{"count":2,"href":"https:\/\/www.sf-germany.com\/ressorts\/prawda\/index.php?rest_route=\/wp\/v2\/posts\/1589\/revisions"}],"predecessor-version":[{"id":1592,"href":"https:\/\/www.sf-germany.com\/ressorts\/prawda\/index.php?rest_route=\/wp\/v2\/posts\/1589\/revisions\/1592"}],"wp:featuredmedia":[{"embeddable":true,"href":"https:\/\/www.sf-germany.com\/ressorts\/prawda\/index.php?rest_route=\/wp\/v2\/media\/1590"}],"wp:attachment":[{"href":"https:\/\/www.sf-germany.com\/ressorts\/prawda\/index.php?rest_route=%2Fwp%2Fv2%2Fmedia&parent=1589"}],"wp:term":[{"taxonomy":"category","embeddable":true,"href":"https:\/\/www.sf-germany.com\/ressorts\/prawda\/index.php?rest_route=%2Fwp%2Fv2%2Fcategories&post=1589"},{"taxonomy":"post_tag","embeddable":true,"href":"https:\/\/www.sf-germany.com\/ressorts\/prawda\/index.php?rest_route=%2Fwp%2Fv2%2Ftags&post=1589"}],"curies":[{"name":"wp","href":"https:\/\/api.w.org\/{rel}","templated":true}]}}