{"id":1612,"date":"2024-03-31T12:45:22","date_gmt":"2024-03-31T10:45:22","guid":{"rendered":"https:\/\/www.sf-germany.com\/ressorts\/prawda\/?p=1612"},"modified":"2024-03-29T13:49:40","modified_gmt":"2024-03-29T12:49:40","slug":"uss-galathea-invasion-der-orionischen-maeuse","status":"publish","type":"post","link":"https:\/\/www.sf-germany.com\/ressorts\/prawda\/?p=1612","title":{"rendered":"USS Galathea: Invasion der orionischen M\u00e4use"},"content":{"rendered":"<p><a href=\"https:\/\/www.sf-germany.com\/ressorts\/prawda\/wp-content\/uploads\/2024\/03\/Orionmaeuse.webp\"><img decoding=\"async\" class=\"aligncenter wp-image-1613\" src=\"https:\/\/www.sf-germany.com\/ressorts\/prawda\/wp-content\/uploads\/2024\/03\/Orionmaeuse.webp\" alt=\"\" width=\"250\" height=\"250\" srcset=\"https:\/\/www.sf-germany.com\/ressorts\/prawda\/wp-content\/uploads\/2024\/03\/Orionmaeuse.webp 866w, https:\/\/www.sf-germany.com\/ressorts\/prawda\/wp-content\/uploads\/2024\/03\/Orionmaeuse-300x300.webp 300w, https:\/\/www.sf-germany.com\/ressorts\/prawda\/wp-content\/uploads\/2024\/03\/Orionmaeuse-150x150.webp 150w, https:\/\/www.sf-germany.com\/ressorts\/prawda\/wp-content\/uploads\/2024\/03\/Orionmaeuse-768x768.webp 768w, https:\/\/www.sf-germany.com\/ressorts\/prawda\/wp-content\/uploads\/2024\/03\/Orionmaeuse-36x36.webp 36w, https:\/\/www.sf-germany.com\/ressorts\/prawda\/wp-content\/uploads\/2024\/03\/Orionmaeuse-115x115.webp 115w\" sizes=\"(max-width: 250px) 100vw, 250px\" \/><\/a><\/p>\n<p>Der USS Galathea ist die Ehre zu Teil geworden, an einem au\u00dfergew\u00f6hnlichen Forschungsprojekt teilzunehmen.<\/p>\n<p>Die wissenschaftliche Abteilung bekam eine Lieferung mit einer kleinen Gruppe orionischer M\u00e4use.<\/p>\n<p>Diese seltene Unterspezies der orionischen M\u00e4use, von der Gattung Heliux, gilt seit Jahrzehnten als stark gef\u00e4hrdete Spezies.<br \/>\nDa diese kleinen Nager, immer nur einen Nachkommen geb\u00e4ren und dieser erst sehr sp\u00e4t fl\u00fcgge wird, sind sie lang mit der Aufzucht nur eines Nachkommens besch\u00e4ftigt.<br \/>\nDie Tatsache das orionische M\u00e4use erst sehr sp\u00e4t geschlechtsreif werden, lie\u00df ihre Population in den letzten Jahren weiter schrumpfen.<br \/>\nDer Umstand, dass diese Nager Beutetiere von fast allen bekannten Raubtiere auf den orionischen Welten und Kolonien sind, hat ihre Population weiter eingeschr\u00e4nkt.<\/p>\n<p>Auch das gr\u00fcnliche Fell, welches zur Tarnung dient schient sie nicht angemessen zu sch\u00fctzen.<\/p>\n<p>Der Bestand konnte sich in freier Wildbahn leider niemals wirklich erholen und so geht man davon aus, dass die meisten M\u00e4use dieser Art in Forschungseinrichtungen beheimatet sind.<br \/>\n\u00dcber ihre Lebensweise in freier Wildbahn ist nicht viel bekannt und so ist es ein gro\u00dfes Anliegen, vieler stark vernetzter wissenschaftlicher Temas, im Raum der F\u00f6deration diese Tiere weiter zu erforschen.<br \/>\nMan geht davon aus, das ihrer V\u00f6lker eine komplexe soziale Struktur entwickelt haben, denn sonst w\u00e4ren sie schon viel fr\u00fcher auf der Karte der bedrohten Tierarten gelandet.<\/p>\n<p>Auch gibt es Indizien daf\u00fcr, dass diese Wesen in der Lage sind mit einfachen Werkzeugen zu hantieren, \u00e4hnlich wie die menschlichen Elstern.<\/p>\n<p>Auf der Galathea kam es schlie\u00dflich zu einem Unfall beim Transport, bei dem die bedrohten Tiere fl\u00fcchten konnten.<\/p>\n<p>Zum Gl\u00fcck aller haben die M\u00e4use selbst\u00e4ndig einen Weg ins Arboretum gefunden. In den riesigen G\u00e4rten des Schiffes scheinen die M\u00e4use gerade den richtigen Ort f\u00fcr einen Unterschlupf zu suchen.<\/p>\n<p>Den Wissenschaftlern ist es gegl\u00fcckt den Aufenthaltsort der M\u00e4use zu finden und \u00fcberwach diesen diesen aktuell mit Drohnen, um mehr \u00fcber diese Spezies erfahren zu k\u00f6nnen.<\/p>\n","protected":false},"excerpt":{"rendered":"<p>Der USS Galathea ist die Ehre zu Teil geworden, an einem au\u00dfergew\u00f6hnlichen Forschungsprojekt teilzunehmen. Die wissenschaftliche Abteilung bekam eine Lieferung mit einer kleinen Gruppe orionischer M\u00e4use. Diese seltene Unterspezies der orionischen M\u00e4use, von der Gattung Heliux, gilt seit Jahrzehnten als stark gef\u00e4hrdete Spezies. Da diese kleinen Nager, immer nur einen Nachkommen geb\u00e4ren und dieser erst [&hellip;]<\/p>\n","protected":false},"author":26,"featured_media":1613,"comment_status":"open","ping_status":"open","sticky":false,"template":"","format":"standard","meta":{"footnotes":""},"categories":[101,71,112],"tags":[],"class_list":["post-1612","post","type-post","status-publish","format-standard","has-post-thumbnail","hentry","category-uss-galathea","category-von-den-einheiten","category-zoologie"],"_links":{"self":[{"href":"https:\/\/www.sf-germany.com\/ressorts\/prawda\/index.php?rest_route=\/wp\/v2\/posts\/1612","targetHints":{"allow":["GET"]}}],"collection":[{"href":"https:\/\/www.sf-germany.com\/ressorts\/prawda\/index.php?rest_route=\/wp\/v2\/posts"}],"about":[{"href":"https:\/\/www.sf-germany.com\/ressorts\/prawda\/index.php?rest_route=\/wp\/v2\/types\/post"}],"author":[{"embeddable":true,"href":"https:\/\/www.sf-germany.com\/ressorts\/prawda\/index.php?rest_route=\/wp\/v2\/users\/26"}],"replies":[{"embeddable":true,"href":"https:\/\/www.sf-germany.com\/ressorts\/prawda\/index.php?rest_route=%2Fwp%2Fv2%2Fcomments&post=1612"}],"version-history":[{"count":1,"href":"https:\/\/www.sf-germany.com\/ressorts\/prawda\/index.php?rest_route=\/wp\/v2\/posts\/1612\/revisions"}],"predecessor-version":[{"id":1614,"href":"https:\/\/www.sf-germany.com\/ressorts\/prawda\/index.php?rest_route=\/wp\/v2\/posts\/1612\/revisions\/1614"}],"wp:featuredmedia":[{"embeddable":true,"href":"https:\/\/www.sf-germany.com\/ressorts\/prawda\/index.php?rest_route=\/wp\/v2\/media\/1613"}],"wp:attachment":[{"href":"https:\/\/www.sf-germany.com\/ressorts\/prawda\/index.php?rest_route=%2Fwp%2Fv2%2Fmedia&parent=1612"}],"wp:term":[{"taxonomy":"category","embeddable":true,"href":"https:\/\/www.sf-germany.com\/ressorts\/prawda\/index.php?rest_route=%2Fwp%2Fv2%2Fcategories&post=1612"},{"taxonomy":"post_tag","embeddable":true,"href":"https:\/\/www.sf-germany.com\/ressorts\/prawda\/index.php?rest_route=%2Fwp%2Fv2%2Ftags&post=1612"}],"curies":[{"name":"wp","href":"https:\/\/api.w.org\/{rel}","templated":true}]}}