{"id":476,"date":"2012-08-12T13:00:56","date_gmt":"2012-08-12T11:00:56","guid":{"rendered":"http:\/\/www.sf-germany.com\/ressorts\/prawda\/?p=476"},"modified":"2012-08-13T07:42:13","modified_gmt":"2012-08-13T05:42:13","slug":"naval-news-7-12","status":"publish","type":"post","link":"https:\/\/www.sf-germany.com\/ressorts\/prawda\/?p=476","title":{"rendered":"Naval News 7 \/ 12"},"content":{"rendered":"<div id=\"postText9866\"><a href=\"https:\/\/www.sf-germany.com\/ressorts\/prawda\/wp-content\/uploads\/2012\/04\/fkom-logo.jpg\"><img decoding=\"async\" class=\"aligncenter size-full wp-image-384\" title=\"fkom-logo\" src=\"https:\/\/www.sf-germany.com\/ressorts\/prawda\/wp-content\/uploads\/2012\/04\/fkom-logo.jpg\" alt=\"\" width=\"165\" height=\"139\" \/><\/a><\/div>\n<div><\/div>\n<div><strong>Akademieabschl\u00fcsse und Wiedereintritte<\/strong><br \/>\nFolgende Personen haben innerhalb der letzten Wochen die Akademie abgeschlossen oder kamen in die Flotte zur\u00fcck und wurden auf eine Einheit versetzt.<br \/>\nHerzliches Willkommen (zur\u00fcck) im aktiven Dienst!<\/div>\n<div id=\"postText9866\">\n<ul>\n<li>Lt. Josef Weissm\u00fcller -&gt; MisSpec USS Explorer<\/li>\n<li>Lt.(jg) Arvaal Thalass -&gt; CNS USS Achilles<\/li>\n<li>Lt.(jg) Ens. Nellie Hallberg -&gt; CWI USS Achilles<\/li>\n<\/ul>\n<\/div>\n<div>\n<p><strong>Bef\u00f6rderungen und Degradierungen<\/strong><br \/>\nFolgende Personen wurden im letzten Monat bef\u00f6rdert. Herzlichen Gl\u00fcckwunsch von Seiten des Flottenkommandos und viel Erfolg weiterhin in der Sternenflotte.<\/p>\n<ul>\n<li>1st Lt. Keon Arias -&gt; Lt.(jg) (USB Atlantis)<\/li>\n<\/ul>\n<\/div>\n<div><\/div>\n<div><strong>Neubesetzungen<\/strong><br \/>\nFolgende Posten wurden durch neu besetzt:<\/p>\n<ul>\n<li>Lt.(jg) Noah Ramon Eklund -&gt; TAK USS Achilles<\/li>\n<li>Chaja Marak -&gt; Diplomat USS Pearson<\/li>\n<li>Ens. Kemi Bessala -&gt; CM USB Atlantis<\/li>\n<\/ul>\n<\/div>\n<div>\n<p><strong>Interne Postenwechsel<\/strong><br \/>\nFolgende Personen haben innerhalb des letzten Monats innerhalb ihrer Einheit den Posten gewechselt:<\/p>\n<ul>\n<li>Lt. Keon Arias &#8211; &#8212; -&gt; stlv CSO (USB Atlantis)<\/li>\n<li>Lt. Darian Wallace &#8211; 2O -&gt; 2O\/MisSpec (USS Achilles)<\/li>\n<li>Cmdr. Shay Ruthven &#8211; TAK\/CSO -&gt; CSO (USS Avalon)<\/li>\n<\/ul>\n<p><strong>Externe Postenwechsel<\/strong><br \/>\nFolgende Personen wurden w\u00e4hrend des letzten Monats auf eine andere Einheit und ggf. auch auf einen anderen Posten dort versetzt:<\/p>\n<ul>\n<li>LtCmdr. Ettore Ludovico della Scala &#8211; EO\/CNS USS Agamemnon -&gt; VBOffz (USS Explorer)<\/li>\n<li>Lt. Talir Nindeeta &#8211; TAK\/CSO (USS Caelian) -&gt; TAK (USS Avalon)<\/li>\n<li>Beverly Amber Andrews &#8211; CNS (USS Pearson) -&gt; Med (USS Explorer)<\/li>\n<\/ul>\n<\/div>\n<div><\/div>\n<div><\/div>\n<div><em>(Alle Angaben ohne Gew\u00e4hr)<\/em><\/div>\n","protected":false},"excerpt":{"rendered":"<p>Akademieabschl\u00fcsse und Wiedereintritte Folgende Personen haben innerhalb der letzten Wochen die Akademie abgeschlossen oder kamen in die Flotte zur\u00fcck und wurden auf eine Einheit versetzt. Herzliches Willkommen (zur\u00fcck) im aktiven Dienst! Lt. Josef Weissm\u00fcller -&gt; MisSpec USS Explorer Lt.(jg) Arvaal Thalass -&gt; CNS USS Achilles Lt.(jg) Ens. Nellie Hallberg -&gt; CWI USS Achilles Bef\u00f6rderungen und [&hellip;]<\/p>\n","protected":false},"author":8,"featured_media":384,"comment_status":"open","ping_status":"open","sticky":false,"template":"","format":"standard","meta":{"footnotes":""},"categories":[4,6],"tags":[],"class_list":["post-476","post","type-post","status-publish","format-standard","has-post-thumbnail","hentry","category-ressorts","category-fkom"],"_links":{"self":[{"href":"https:\/\/www.sf-germany.com\/ressorts\/prawda\/index.php?rest_route=\/wp\/v2\/posts\/476","targetHints":{"allow":["GET"]}}],"collection":[{"href":"https:\/\/www.sf-germany.com\/ressorts\/prawda\/index.php?rest_route=\/wp\/v2\/posts"}],"about":[{"href":"https:\/\/www.sf-germany.com\/ressorts\/prawda\/index.php?rest_route=\/wp\/v2\/types\/post"}],"author":[{"embeddable":true,"href":"https:\/\/www.sf-germany.com\/ressorts\/prawda\/index.php?rest_route=\/wp\/v2\/users\/8"}],"replies":[{"embeddable":true,"href":"https:\/\/www.sf-germany.com\/ressorts\/prawda\/index.php?rest_route=%2Fwp%2Fv2%2Fcomments&post=476"}],"version-history":[{"count":3,"href":"https:\/\/www.sf-germany.com\/ressorts\/prawda\/index.php?rest_route=\/wp\/v2\/posts\/476\/revisions"}],"predecessor-version":[{"id":479,"href":"https:\/\/www.sf-germany.com\/ressorts\/prawda\/index.php?rest_route=\/wp\/v2\/posts\/476\/revisions\/479"}],"wp:featuredmedia":[{"embeddable":true,"href":"https:\/\/www.sf-germany.com\/ressorts\/prawda\/index.php?rest_route=\/wp\/v2\/media\/384"}],"wp:attachment":[{"href":"https:\/\/www.sf-germany.com\/ressorts\/prawda\/index.php?rest_route=%2Fwp%2Fv2%2Fmedia&parent=476"}],"wp:term":[{"taxonomy":"category","embeddable":true,"href":"https:\/\/www.sf-germany.com\/ressorts\/prawda\/index.php?rest_route=%2Fwp%2Fv2%2Fcategories&post=476"},{"taxonomy":"post_tag","embeddable":true,"href":"https:\/\/www.sf-germany.com\/ressorts\/prawda\/index.php?rest_route=%2Fwp%2Fv2%2Ftags&post=476"}],"curies":[{"name":"wp","href":"https:\/\/api.w.org\/{rel}","templated":true}]}}